{"id":22,"date":"2026-01-01T15:46:47","date_gmt":"2026-01-01T15:46:47","guid":{"rendered":"https:\/\/theme.madsparrow.me\/mokko\/?p=22"},"modified":"2026-01-02T09:30:35","modified_gmt":"2026-01-02T09:30:35","slug":"marka-iletisiminde-tek-cati-modeli","status":"publish","type":"post","link":"https:\/\/ifdigital.net\/en\/marka-iletisiminde-tek-cati-modeli\/","title":{"rendered":"Marka \u0130leti\u015fiminde &#8220;Tek \u00c7at\u0131&#8221; Modeli"},"content":{"rendered":"<p>G\u00fcn\u00fcm\u00fcz\u00fcn h\u0131zla de\u011fi\u015fen dijital d\u00fcnyas\u0131nda, markalar\u0131n en b\u00fcy\u00fck sava\u015f\u0131 &#8220;tutarl\u0131l\u0131k&#8221; \u00fczerine kurulu. Sosyal medyan\u0131z\u0131n dili web sitenizle uyu\u015fmuyor mu? Kataloglar\u0131n\u0131zdaki renkler, tan\u0131t\u0131m filminizdeki atmosferden farkl\u0131 m\u0131? \u0130\u015fte bu kopukluk, potansiyel m\u00fc\u015fteride g\u00fcven kayb\u0131na yol a\u00e7ar.<\/p>\n\n\n\n<p>IF Digital olarak, 12 y\u0131ll\u0131k deneyimimizle g\u00f6rd\u00fc\u011f\u00fcm\u00fcz en net ger\u00e7ek \u015fudur: Ba\u015far\u0131, par\u00e7alar\u0131 birle\u015ftirmekten ge\u00e7er<sup><\/sup>. Biz, stratejiden yarat\u0131c\u0131l\u0131\u011fa, yaz\u0131l\u0131mdan video prod\u00fcksiyona kadar marka ileti\u015fiminin t\u00fcm ihtiya\u00e7lar\u0131n\u0131 tek \u00e7at\u0131 alt\u0131nda y\u00f6netiyoruz<sup><\/sup>. Bu &#8220;B\u00fct\u00fcnle\u015fik Hizmet Modeli&#8221;, sadece zaman tasarrufu sa\u011flamakla kalmaz, ayn\u0131 zamanda b\u00fct\u00e7enizi de korur.<\/p>\n\n\n\n<p>Sosyal medya y\u00f6netiminde kurgulad\u0131\u011f\u0131m\u0131z bir hikayeyi, web sitenizdeki kullan\u0131c\u0131 deneyimiyle (UX) birle\u015ftiriyor; ayn\u0131 g\u00f6rsel dili bask\u0131 hizmetlerimize ve mimari foto\u011fraf \u00e7ekimlerimize ta\u015f\u0131yoruz<sup><\/sup><sup><\/sup><sup><\/sup><sup><\/sup><sup><\/sup><sup><\/sup><sup><\/sup>. Markan\u0131z\u0131n sesinin her mecrada ayn\u0131 g\u00fc\u00e7te \u00e7\u0131kmas\u0131 i\u00e7in \u00e7al\u0131\u015f\u0131yoruz. Par\u00e7alanm\u0131\u015f hizmetler yerine, A&#8217;dan Z&#8217;ye kurgulanm\u0131\u015f bir stratejiyle markan\u0131z\u0131 gelece\u011fe ta\u015f\u0131y\u0131n.<\/p>","protected":false},"excerpt":{"rendered":"<p>G\u00fcn\u00fcm\u00fcz\u00fcn h\u0131zla de\u011fi\u015fen dijital d\u00fcnyas\u0131nda, markalar\u0131n en b\u00fcy\u00fck sava\u015f\u0131 &#8220;tutarl\u0131l\u0131k&#8221; \u00fczerine kurulu. Sosyal medyan\u0131z\u0131n dili web sitenizle uyu\u015fmuyor mu? Kataloglar\u0131n\u0131zdaki renkler, tan\u0131t\u0131m filminizdeki atmosferden [&hellip;]<\/p>","protected":false},"author":1,"featured_media":2823,"comment_status":"closed","ping_status":"open","sticky":false,"template":"","format":"standard","meta":{"_acf_changed":false,"footnotes":""},"categories":[1,62,21],"tags":[53,51,52],"class_list":["post-22","post","type-post","status-publish","format-standard","has-post-thumbnail","hentry","category-haber","category-marka","category-rehber","tag-hizmet","tag-marka","tag-seo"],"acf":{"choi\u0441e_menu_page":"global_settings","full_width":false,"header_transparent":false,"header_white":false,"menu_type_page":"default","menu_align_page":"default"},"_links":{"self":[{"href":"https:\/\/ifdigital.net\/en\/wp-json\/wp\/v2\/posts\/22","targetHints":{"allow":["GET"]}}],"collection":[{"href":"https:\/\/ifdigital.net\/en\/wp-json\/wp\/v2\/posts"}],"about":[{"href":"https:\/\/ifdigital.net\/en\/wp-json\/wp\/v2\/types\/post"}],"author":[{"embeddable":true,"href":"https:\/\/ifdigital.net\/en\/wp-json\/wp\/v2\/users\/1"}],"replies":[{"embeddable":true,"href":"https:\/\/ifdigital.net\/en\/wp-json\/wp\/v2\/comments?post=22"}],"version-history":[{"count":2,"href":"https:\/\/ifdigital.net\/en\/wp-json\/wp\/v2\/posts\/22\/revisions"}],"predecessor-version":[{"id":4604,"href":"https:\/\/ifdigital.net\/en\/wp-json\/wp\/v2\/posts\/22\/revisions\/4604"}],"wp:featuredmedia":[{"embeddable":true,"href":"https:\/\/ifdigital.net\/en\/wp-json\/wp\/v2\/media\/2823"}],"wp:attachment":[{"href":"https:\/\/ifdigital.net\/en\/wp-json\/wp\/v2\/media?parent=22"}],"wp:term":[{"taxonomy":"category","embeddable":true,"href":"https:\/\/ifdigital.net\/en\/wp-json\/wp\/v2\/categories?post=22"},{"taxonomy":"post_tag","embeddable":true,"href":"https:\/\/ifdigital.net\/en\/wp-json\/wp\/v2\/tags?post=22"}],"curies":[{"name":"wp","href":"https:\/\/api.w.org\/{rel}","templated":true}]}}